{"id":1387,"date":"2024-08-13T01:53:38","date_gmt":"2024-08-12T23:53:38","guid":{"rendered":"https:\/\/simorgh.de\/sprechen\/?p=1387"},"modified":"2024-09-02T08:00:52","modified_gmt":"2024-09-02T06:00:52","slug":"was-ist-schuld-am-psychischen-distress","status":"publish","type":"post","link":"https:\/\/simorgh.de\/sprechen\/was-ist-schuld-am-psychischen-distress\/","title":{"rendered":"Was ist schuld am psychischen Distress"},"content":{"rendered":"<p>Die \u00dcberlegung, dass im Kapitalismus der Grund f\u00fcr psychische Probleme liege, ist f\u00fcr mich eher Herumdoktoren an konsequentiellen Symptomen:<\/p>\n<p>Eine begrenzte Sicht auf den sozial-\u00f6konomischen Krieg zwischen Menschen klingt f\u00fcr mich zum Teil deshalb be\u00e4ngstigend, weil sie den Fokus auf ein System verlagert &gt; statt auf Fragen nach vors\u00e4tzlichen, z.B. sozialdarwinistischen Einstellungen, die keinen spezifischen \u00f6konomischen Rahmen ben\u00f6tigen &#8230; solch ein Blickpunkt l\u00e4sst die Szenen aus, denen wir jenseits der offensichtlichen auferlegten Ungleichheiten erlebnistechnisch begegnen.<\/p>\n<p>Ich glaube einfach, dass es eine zutiefst psychologische Antwort gibt auf psychologischen Distress, ein Stratum, das sich auf einer psychologischen Ebene zwischen den Menschen befindet, die im Konflikt steht oder stehen kann. Eine psychologische Ebene, die die gesamte Gesellschaft im Blickwinkel umfasst.<\/p>\n<p>Es gibt nat\u00fcrlich etliche Leute, die immer argumentieren nichts l\u00e4ge in dem Sinne &#8222;an der Gesellschaft&#8220;, sondern es l\u00e4ge am wirtschaftlichen Modell. Besonders auffallend sinnlos scheint diese Argumentation auch unter den sich selbst als links definierenden Tierbefreier*innen.<\/p>\n<p>Ein Wirtschaftsmodell kann auf viele menschlichen Belange \u00fcberhaupt keine ausreichende Antwort vermitteln, geschweige denn \u00fcber tierliche- oder Belange der anderen nat\u00fcrlichen Mitwelt.<\/p>\n<p>Menschen schufen ihre Strukturen bereits bevor sie begannen ihre Gemeinwesen in solchen Formen zu leben, zu organisieren. Und bereits da fingen strukturelle Probleme an, sowie individuell erlebte. Es versteht sich von selbst, dass man viel grundlegender argumentieren kann &#8230;<\/p>\n<p>Kapitalismus ist vielmehr ein Feigenblatt, hinter dem sich die Nacktheit der Menschheit zum Ungerechtsein verbirgt. Dass dies unterschiedliche Wege genommen hat und nimmt, ist klar.<\/p>\n<p>rev. 02.09.24<\/p>\n","protected":false},"excerpt":{"rendered":"<p>Die \u00dcberlegung, dass im Kapitalismus der Grund f\u00fcr psychische Probleme liege, ist f\u00fcr mich eher Herumdoktoren an konsequentiellen Symptomen: Eine begrenzte Sicht auf den sozial-\u00f6konomischen Krieg zwischen Menschen klingt f\u00fcr mich zum Teil deshalb be\u00e4ngstigend, weil sie den Fokus auf ein System verlagert &gt; statt auf Fragen nach vors\u00e4tzlichen, z.B. sozialdarwinistischen Einstellungen, die keinen spezifischen&hellip;<a href=\"https:\/\/simorgh.de\/sprechen\/was-ist-schuld-am-psychischen-distress\/\" class=\"more-link\"><span>Weiterlesen<\/span><span class=\"screen-reader-text\">Was ist schuld am psychischen Distress<\/span><\/a><\/p>\n","protected":false},"author":1,"featured_media":938,"comment_status":"open","ping_status":"open","sticky":false,"template":"templates\/template-cover.php","format":"standard","meta":[],"categories":[26,7,48],"tags":[12,22,15,28],"_links":{"self":[{"href":"https:\/\/simorgh.de\/sprechen\/wp-json\/wp\/v2\/posts\/1387"}],"collection":[{"href":"https:\/\/simorgh.de\/sprechen\/wp-json\/wp\/v2\/posts"}],"about":[{"href":"https:\/\/simorgh.de\/sprechen\/wp-json\/wp\/v2\/types\/post"}],"author":[{"embeddable":true,"href":"https:\/\/simorgh.de\/sprechen\/wp-json\/wp\/v2\/users\/1"}],"replies":[{"embeddable":true,"href":"https:\/\/simorgh.de\/sprechen\/wp-json\/wp\/v2\/comments?post=1387"}],"version-history":[{"count":3,"href":"https:\/\/simorgh.de\/sprechen\/wp-json\/wp\/v2\/posts\/1387\/revisions"}],"predecessor-version":[{"id":1391,"href":"https:\/\/simorgh.de\/sprechen\/wp-json\/wp\/v2\/posts\/1387\/revisions\/1391"}],"wp:featuredmedia":[{"embeddable":true,"href":"https:\/\/simorgh.de\/sprechen\/wp-json\/wp\/v2\/media\/938"}],"wp:attachment":[{"href":"https:\/\/simorgh.de\/sprechen\/wp-json\/wp\/v2\/media?parent=1387"}],"wp:term":[{"taxonomy":"category","embeddable":true,"href":"https:\/\/simorgh.de\/sprechen\/wp-json\/wp\/v2\/categories?post=1387"},{"taxonomy":"post_tag","embeddable":true,"href":"https:\/\/simorgh.de\/sprechen\/wp-json\/wp\/v2\/tags?post=1387"}],"curies":[{"name":"wp","href":"https:\/\/api.w.org\/{rel}","templated":true}]}}